{"id":190,"date":"2024-11-11T13:15:20","date_gmt":"2024-11-11T12:15:20","guid":{"rendered":"https:\/\/ainohabernal.com\/?p=190"},"modified":"2024-11-19T09:27:41","modified_gmt":"2024-11-19T08:27:41","slug":"ana-pastor-a-m-a-pone-en-valor-la-ia-en-odontologia-y-advierte-de-los-retos-en-su-uso","status":"publish","type":"post","link":"https:\/\/ainohabernal.com\/ca\/2024\/11\/11\/ana-pastor-a-m-a-pone-en-valor-la-ia-en-odontologia-y-advierte-de-los-retos-en-su-uso\/","title":{"rendered":"Ana Pastor (A.M.A.) pone en valor la IA en Odontolog\u00eda y advierte de los retos en su uso"},"content":{"rendered":"<p>La presidenta de A.M.A. Grupo,&nbsp;<strong>Ana Pastor<\/strong>, ha liderado y moderado una Mesa sobre \u201c<strong>Odontolog\u00eda digital e IA: Aspectos legales y \u00e9ticos<\/strong>\u201d en el marco del&nbsp;<strong><a href=\"https:\/\/www.consalud.es\/profesionales\/raquel-murillo-ama-ia-respuesta-etica-juridica_150765_102.html\">XXX Congreso de Derecho Sanitario<\/a><\/strong>&nbsp;que se ha celebrado estos d\u00edas en Madrid. Durante la jornada, se han abordado cuestiones como el&nbsp;<strong><a href=\"https:\/\/www.consalud.es\/industria\/expertos-destacan-ia-regulacion-frenar-innovacion-sanitaria_150736_102.html\">impacto de la IA<\/a>&nbsp;en el diagn\u00f3stico, la medicina personalizada y el tratamiento&nbsp;<\/strong>del paciente en el campo de la&nbsp;<a href=\"https:\/\/www.consalud.es\/dentalia\/\" rel=\"noreferrer noopener\" target=\"_blank\">Odontolog\u00eda<\/a>, as\u00ed como las consideraciones \u00e9ticas y el papel que desempe\u00f1an los colegios profesionales de Odontolog\u00eda.<\/p>\n\n\n\n<p>En la mesa han participado, el presidente del Consejo General de Dentistas de Espa\u00f1a,&nbsp;<strong>\u00d3scar Castro<\/strong>; el director del Departameno de Odontolog\u00eda Conservadora y Pr\u00f3tesis Bucofacial y profesor titular de Pr\u00f3tesis Estomatol\u00f3gica de la Universidad Complutense de Madrid,&nbsp;<strong>Guillermo Jes\u00fas Prad\u00edes<\/strong>; el vicepresidente segundo de la Asociaci\u00f3n Espa\u00f1ola de Derecho Sanitario,&nbsp;<strong>Federico de Montalvo<\/strong>; y la directora de la Divisi\u00f3n de Planificaci\u00f3n Estrat\u00e9gica en Tecnolog\u00edas Digitales Avanzadas de la Secretaria de Estado de Digitalizaci\u00f3n e Inteligencia Artificial,&nbsp;<strong>Mar\u00eda Jes\u00fas Mart\u00edn<\/strong>.<\/p>\n\n\n\n<blockquote class=\"wp-block-quote is-layout-flow wp-block-quote-is-layout-flow\">\n<h2 class=\"wp-block-heading\"><em><strong>\u201cLa inteligencia artificial ofrece beneficios, pero tambi\u00e9n tiene retos. Uno de ellos es si hay riesgo en la aplicaci\u00f3n de estos sistemas y c\u00f3mo gestionamos las expectativas de los pacientes\u201d<\/strong><\/em><\/h2>\n<\/blockquote>\n\n\n\n<p>La presidenta de A.M.A. Grupo ha puesto en valor durante su intervenci\u00f3n los&nbsp;<strong>beneficios de la IA<\/strong>&nbsp;como \u201cherramienta crucial\u201d que ofrece desde diagn\u00f3sticos m\u00e1s precisos hasta tratamientos personalizados, \u201cayudando a mejorar la eficiencia y la calidad de atenci\u00f3n para nuestros pacientes\u201d.<\/p>\n\n\n\n<p>Adem\u00e1s, ha subrayado que el uso de la IA en Odontolog\u00eda, como en cualquier \u00e1rea de la Medicina, \u201cdebe abordarse con responsabilidad teniendo en cuenta temas como la&nbsp;<strong>privacidad de los datos, la precisi\u00f3n y la continua supervisi\u00f3n<\/strong>&nbsp;del profesional\u201d. En esta misma l\u00ednea, ha destacado que \u201cla inteligencia artificial ofrece beneficios, pero&nbsp;<strong>tambi\u00e9n tiene retos<\/strong>. Uno de ellos es si hay riesgo en la aplicaci\u00f3n de estos sistemas y c\u00f3mo gestionamos las expectativas de los pacientes\u201d, apunta Pastor.<\/p>\n\n\n\n<p>Por otra parte, la presidenta de A.M.A. Grupo ha sido la&nbsp;<strong>madrina de los alumnos<\/strong>&nbsp;de la XII Promoci\u00f3n del T\u00edtulo Universitario de Derecho Sanitario de la Universidad Camilo Jos\u00e9 Cela. En este sentido, tuvo unas palabras para felicitarles: \u201cQueridos alumnos, la vida se lidera por conocimiento y hab\u00e9is elegido el mejor camino, dispon\u00e9is de las herramientas y las capacidades para aprovechar la formaci\u00f3n que hab\u00e9is adquirido\u201d.<\/p>\n\n\n\n<blockquote class=\"wp-block-quote is-layout-flow wp-block-quote-is-layout-flow\">\n<h2 class=\"wp-block-heading\"><em><strong>\u201cLas normativas deben evolucionar a la misma velocidad que las tecnolog\u00edas y evitar lagunas legales y garantizar que la IA se utilice de manera \u00e9tica y responsable\u201d<\/strong><\/em><\/h2>\n<\/blockquote>\n\n\n\n<p>Tambi\u00e9n ha intervenido&nbsp;en el acto inaugural y acad\u00e9mico del Congreso de Derecho Sanitario, junto con el secretario de Estado de Justicia,&nbsp;<strong>Manuel Olmedo<\/strong>; el presidente del Consejo General de Colegios Oficiales de M\u00e9dicos de Espa\u00f1a y de la Organizaci\u00f3n M\u00e9dica Colegial,&nbsp;<strong>Tom\u00e1s Cobo<\/strong>; presidentes de Consejos Generales; y la presidenta de la Asociaci\u00f3n Espa\u00f1ola de Derecho Sanitario,&nbsp;<strong>Ofelia de Lorenzo<\/strong>.<\/p>\n\n\n\n<p>Entre los retos m\u00e1s urgentes, la presidenta de A.M.A. ha citado la&nbsp;<strong>adaptaci\u00f3n de los sanitarios<\/strong>&nbsp;hasta la integraci\u00f3n de los sistemas de salud y un marco regulador que estimule la innovaci\u00f3n responsable y responda a cuestiones como el consentimiento informado, la confidencialidad o la responsabilidad m\u00e9dica. \u201cLas normativas deben evolucionar a la misma velocidad que las tecnolog\u00edas y evitar lagunas legales y garantizar que la IA se utilice&nbsp;<strong>de manera \u00e9tica y responsable<\/strong>\u201d, ha subrayado.<\/p>\n\n\n\n<p class=\"has-vivid-red-color has-text-color has-link-color wp-elements-a94b915d76c0d1477bed1bc595aa76e2\"><em>Fuente: https:\/\/www.consalud.es\/dentalia\/profesionales-dental\/ana-pastor-ama-pone-en-valor-ia-en-odontologia-advierte-retos-en-su-uso_150894_102.html<\/em><\/p>","protected":false},"excerpt":{"rendered":"<p>La presidenta de A.M.A. Grupo,\u00a0Ana Pastor, ha liderado y moderado una Mesa sobre \u201cOdontolog\u00eda digital e IA: Aspectos legales y \u00e9ticos\u201d en el marco del\u00a0XXX Congreso de Derecho Sanitario\u00a0que se ha celebrado estos d\u00edas en Madrid.<\/p>","protected":false},"author":1,"featured_media":102,"comment_status":"closed","ping_status":"closed","sticky":false,"template":"","format":"standard","meta":{"footnotes":""},"categories":[6],"tags":[],"class_list":["post-190","post","type-post","status-publish","format-standard","has-post-thumbnail","hentry","category-noticias"],"yoast_head":"<!-- This site is optimized with the Yoast SEO plugin v27.5 - https:\/\/yoast.com\/product\/yoast-seo-wordpress\/ -->\n<title>Ana Pastor (A.M.A.) pone en valor la IA en Odontolog\u00eda y advierte de los retos en su uso - Dra. Ainoha Bernal<\/title>\n<meta name=\"robots\" content=\"index, follow, max-snippet:-1, max-image-preview:large, max-video-preview:-1\" \/>\n<link rel=\"canonical\" href=\"https:\/\/ainohabernal.com\/ca\/2024\/11\/11\/ana-pastor-a-m-a-pone-en-valor-la-ia-en-odontologia-y-advierte-de-los-retos-en-su-uso\/\" \/>\n<meta property=\"og:locale\" content=\"ca_ES\" \/>\n<meta property=\"og:type\" content=\"article\" \/>\n<meta property=\"og:title\" content=\"Ana Pastor (A.M.A.) pone en valor la IA en Odontolog\u00eda y advierte de los retos en su uso - Dra. Ainoha Bernal\" \/>\n<meta property=\"og:description\" content=\"La presidenta de A.M.A. Grupo,\u00a0Ana Pastor, ha liderado y moderado una Mesa sobre \u201cOdontolog\u00eda digital e IA: Aspectos legales y \u00e9ticos\u201d en el marco del\u00a0XXX Congreso de Derecho Sanitario\u00a0que se ha celebrado estos d\u00edas en Madrid.\" \/>\n<meta property=\"og:url\" content=\"https:\/\/ainohabernal.com\/ca\/2024\/11\/11\/ana-pastor-a-m-a-pone-en-valor-la-ia-en-odontologia-y-advierte-de-los-retos-en-su-uso\/\" \/>\n<meta property=\"og:site_name\" content=\"Dra. Ainoha Bernal\" \/>\n<meta property=\"article:published_time\" content=\"2024-11-11T12:15:20+00:00\" \/>\n<meta property=\"article:modified_time\" content=\"2024-11-19T08:27:41+00:00\" \/>\n<meta property=\"og:image\" content=\"https:\/\/ainohabernal.com\/wp-content\/uploads\/2024\/11\/woman-3498849_1280.jpg\" \/>\n\t<meta property=\"og:image:width\" content=\"1280\" \/>\n\t<meta property=\"og:image:height\" content=\"600\" \/>\n\t<meta property=\"og:image:type\" content=\"image\/jpeg\" \/>\n<meta name=\"author\" content=\"saraux\" \/>\n<meta name=\"twitter:card\" content=\"summary_large_image\" \/>\n<meta name=\"twitter:label1\" content=\"Escrit per\" \/>\n\t<meta name=\"twitter:data1\" content=\"saraux\" \/>\n\t<meta name=\"twitter:label2\" content=\"Temps estimat de lectura\" \/>\n\t<meta name=\"twitter:data2\" content=\"3 minuts\" \/>\n<script type=\"application\/ld+json\" class=\"yoast-schema-graph\">{\"@context\":\"https:\\\/\\\/schema.org\",\"@graph\":[{\"@type\":\"Article\",\"@id\":\"https:\\\/\\\/ainohabernal.com\\\/2024\\\/11\\\/11\\\/ana-pastor-a-m-a-pone-en-valor-la-ia-en-odontologia-y-advierte-de-los-retos-en-su-uso\\\/#article\",\"isPartOf\":{\"@id\":\"https:\\\/\\\/ainohabernal.com\\\/2024\\\/11\\\/11\\\/ana-pastor-a-m-a-pone-en-valor-la-ia-en-odontologia-y-advierte-de-los-retos-en-su-uso\\\/\"},\"author\":{\"name\":\"saraux\",\"@id\":\"https:\\\/\\\/ainohabernal.com\\\/#\\\/schema\\\/person\\\/6da49a7f1da0ff749667024043714c49\"},\"headline\":\"Ana Pastor (A.M.A.) pone en valor la IA en Odontolog\u00eda y advierte de los retos en su uso\",\"datePublished\":\"2024-11-11T12:15:20+00:00\",\"dateModified\":\"2024-11-19T08:27:41+00:00\",\"mainEntityOfPage\":{\"@id\":\"https:\\\/\\\/ainohabernal.com\\\/2024\\\/11\\\/11\\\/ana-pastor-a-m-a-pone-en-valor-la-ia-en-odontologia-y-advierte-de-los-retos-en-su-uso\\\/\"},\"wordCount\":669,\"publisher\":{\"@id\":\"https:\\\/\\\/ainohabernal.com\\\/#organization\"},\"image\":{\"@id\":\"https:\\\/\\\/ainohabernal.com\\\/2024\\\/11\\\/11\\\/ana-pastor-a-m-a-pone-en-valor-la-ia-en-odontologia-y-advierte-de-los-retos-en-su-uso\\\/#primaryimage\"},\"thumbnailUrl\":\"https:\\\/\\\/ainohabernal.com\\\/wp-content\\\/uploads\\\/2024\\\/11\\\/woman-3498849_1280.jpg\",\"articleSection\":[\"Noticias\"],\"inLanguage\":\"ca\"},{\"@type\":\"WebPage\",\"@id\":\"https:\\\/\\\/ainohabernal.com\\\/2024\\\/11\\\/11\\\/ana-pastor-a-m-a-pone-en-valor-la-ia-en-odontologia-y-advierte-de-los-retos-en-su-uso\\\/\",\"url\":\"https:\\\/\\\/ainohabernal.com\\\/2024\\\/11\\\/11\\\/ana-pastor-a-m-a-pone-en-valor-la-ia-en-odontologia-y-advierte-de-los-retos-en-su-uso\\\/\",\"name\":\"Ana Pastor (A.M.A.) pone en valor la IA en Odontolog\u00eda y advierte de los retos en su uso - Dra. Ainoha Bernal\",\"isPartOf\":{\"@id\":\"https:\\\/\\\/ainohabernal.com\\\/#website\"},\"primaryImageOfPage\":{\"@id\":\"https:\\\/\\\/ainohabernal.com\\\/2024\\\/11\\\/11\\\/ana-pastor-a-m-a-pone-en-valor-la-ia-en-odontologia-y-advierte-de-los-retos-en-su-uso\\\/#primaryimage\"},\"image\":{\"@id\":\"https:\\\/\\\/ainohabernal.com\\\/2024\\\/11\\\/11\\\/ana-pastor-a-m-a-pone-en-valor-la-ia-en-odontologia-y-advierte-de-los-retos-en-su-uso\\\/#primaryimage\"},\"thumbnailUrl\":\"https:\\\/\\\/ainohabernal.com\\\/wp-content\\\/uploads\\\/2024\\\/11\\\/woman-3498849_1280.jpg\",\"datePublished\":\"2024-11-11T12:15:20+00:00\",\"dateModified\":\"2024-11-19T08:27:41+00:00\",\"breadcrumb\":{\"@id\":\"https:\\\/\\\/ainohabernal.com\\\/2024\\\/11\\\/11\\\/ana-pastor-a-m-a-pone-en-valor-la-ia-en-odontologia-y-advierte-de-los-retos-en-su-uso\\\/#breadcrumb\"},\"inLanguage\":\"ca\",\"potentialAction\":[{\"@type\":\"ReadAction\",\"target\":[\"https:\\\/\\\/ainohabernal.com\\\/2024\\\/11\\\/11\\\/ana-pastor-a-m-a-pone-en-valor-la-ia-en-odontologia-y-advierte-de-los-retos-en-su-uso\\\/\"]}]},{\"@type\":\"ImageObject\",\"inLanguage\":\"ca\",\"@id\":\"https:\\\/\\\/ainohabernal.com\\\/2024\\\/11\\\/11\\\/ana-pastor-a-m-a-pone-en-valor-la-ia-en-odontologia-y-advierte-de-los-retos-en-su-uso\\\/#primaryimage\",\"url\":\"https:\\\/\\\/ainohabernal.com\\\/wp-content\\\/uploads\\\/2024\\\/11\\\/woman-3498849_1280.jpg\",\"contentUrl\":\"https:\\\/\\\/ainohabernal.com\\\/wp-content\\\/uploads\\\/2024\\\/11\\\/woman-3498849_1280.jpg\",\"width\":1280,\"height\":600},{\"@type\":\"BreadcrumbList\",\"@id\":\"https:\\\/\\\/ainohabernal.com\\\/2024\\\/11\\\/11\\\/ana-pastor-a-m-a-pone-en-valor-la-ia-en-odontologia-y-advierte-de-los-retos-en-su-uso\\\/#breadcrumb\",\"itemListElement\":[{\"@type\":\"ListItem\",\"position\":1,\"name\":\"Portada\",\"item\":\"https:\\\/\\\/ainohabernal.com\\\/\"},{\"@type\":\"ListItem\",\"position\":2,\"name\":\"Ana Pastor (A.M.A.) pone en valor la IA en Odontolog\u00eda y advierte de los retos en su uso\"}]},{\"@type\":\"WebSite\",\"@id\":\"https:\\\/\\\/ainohabernal.com\\\/#website\",\"url\":\"https:\\\/\\\/ainohabernal.com\\\/\",\"name\":\"Ainoha Bernal\",\"description\":\"Odontolog\u00eda General\",\"publisher\":{\"@id\":\"https:\\\/\\\/ainohabernal.com\\\/#organization\"},\"potentialAction\":[{\"@type\":\"SearchAction\",\"target\":{\"@type\":\"EntryPoint\",\"urlTemplate\":\"https:\\\/\\\/ainohabernal.com\\\/?s={search_term_string}\"},\"query-input\":{\"@type\":\"PropertyValueSpecification\",\"valueRequired\":true,\"valueName\":\"search_term_string\"}}],\"inLanguage\":\"ca\"},{\"@type\":\"Organization\",\"@id\":\"https:\\\/\\\/ainohabernal.com\\\/#organization\",\"name\":\"Ainoha Bernal\",\"url\":\"https:\\\/\\\/ainohabernal.com\\\/\",\"logo\":{\"@type\":\"ImageObject\",\"inLanguage\":\"ca\",\"@id\":\"https:\\\/\\\/ainohabernal.com\\\/#\\\/schema\\\/logo\\\/image\\\/\",\"url\":\"https:\\\/\\\/ainohabernal.com\\\/wp-content\\\/uploads\\\/2024\\\/11\\\/Captura_de_pantalla_2024-11-18_111157-transformed-1.png\",\"contentUrl\":\"https:\\\/\\\/ainohabernal.com\\\/wp-content\\\/uploads\\\/2024\\\/11\\\/Captura_de_pantalla_2024-11-18_111157-transformed-1.png\",\"width\":2392,\"height\":788,\"caption\":\"Ainoha Bernal\"},\"image\":{\"@id\":\"https:\\\/\\\/ainohabernal.com\\\/#\\\/schema\\\/logo\\\/image\\\/\"}},{\"@type\":\"Person\",\"@id\":\"https:\\\/\\\/ainohabernal.com\\\/#\\\/schema\\\/person\\\/6da49a7f1da0ff749667024043714c49\",\"name\":\"saraux\",\"image\":{\"@type\":\"ImageObject\",\"inLanguage\":\"ca\",\"@id\":\"https:\\\/\\\/secure.gravatar.com\\\/avatar\\\/3cf3fef6b1c3bfaf212b185cda533a255a6120674ac677a40ae5a15a1a9d6c15?s=96&d=mm&r=g\",\"url\":\"https:\\\/\\\/secure.gravatar.com\\\/avatar\\\/3cf3fef6b1c3bfaf212b185cda533a255a6120674ac677a40ae5a15a1a9d6c15?s=96&d=mm&r=g\",\"contentUrl\":\"https:\\\/\\\/secure.gravatar.com\\\/avatar\\\/3cf3fef6b1c3bfaf212b185cda533a255a6120674ac677a40ae5a15a1a9d6c15?s=96&d=mm&r=g\",\"caption\":\"saraux\"},\"sameAs\":[\"http:\\\/\\\/ainohabernal.com\"],\"url\":\"https:\\\/\\\/ainohabernal.com\\\/ca\\\/author\\\/saraux\\\/\"}]}<\/script>\n<!-- \/ Yoast SEO plugin. -->","yoast_head_json":{"title":"Ana Pastor (A.M.A.) pone en valor la IA en Odontolog\u00eda y advierte de los retos en su uso - Dra. Ainoha Bernal","robots":{"index":"index","follow":"follow","max-snippet":"max-snippet:-1","max-image-preview":"max-image-preview:large","max-video-preview":"max-video-preview:-1"},"canonical":"https:\/\/ainohabernal.com\/ca\/2024\/11\/11\/ana-pastor-a-m-a-pone-en-valor-la-ia-en-odontologia-y-advierte-de-los-retos-en-su-uso\/","og_locale":"ca_ES","og_type":"article","og_title":"Ana Pastor (A.M.A.) pone en valor la IA en Odontolog\u00eda y advierte de los retos en su uso - Dra. Ainoha Bernal","og_description":"La presidenta de A.M.A. Grupo,\u00a0Ana Pastor, ha liderado y moderado una Mesa sobre \u201cOdontolog\u00eda digital e IA: Aspectos legales y \u00e9ticos\u201d en el marco del\u00a0XXX Congreso de Derecho Sanitario\u00a0que se ha celebrado estos d\u00edas en Madrid.","og_url":"https:\/\/ainohabernal.com\/ca\/2024\/11\/11\/ana-pastor-a-m-a-pone-en-valor-la-ia-en-odontologia-y-advierte-de-los-retos-en-su-uso\/","og_site_name":"Dra. Ainoha Bernal","article_published_time":"2024-11-11T12:15:20+00:00","article_modified_time":"2024-11-19T08:27:41+00:00","og_image":[{"width":1280,"height":600,"url":"https:\/\/ainohabernal.com\/wp-content\/uploads\/2024\/11\/woman-3498849_1280.jpg","type":"image\/jpeg"}],"author":"saraux","twitter_card":"summary_large_image","twitter_misc":{"Escrit per":"saraux","Temps estimat de lectura":"3 minuts"},"schema":{"@context":"https:\/\/schema.org","@graph":[{"@type":"Article","@id":"https:\/\/ainohabernal.com\/2024\/11\/11\/ana-pastor-a-m-a-pone-en-valor-la-ia-en-odontologia-y-advierte-de-los-retos-en-su-uso\/#article","isPartOf":{"@id":"https:\/\/ainohabernal.com\/2024\/11\/11\/ana-pastor-a-m-a-pone-en-valor-la-ia-en-odontologia-y-advierte-de-los-retos-en-su-uso\/"},"author":{"name":"saraux","@id":"https:\/\/ainohabernal.com\/#\/schema\/person\/6da49a7f1da0ff749667024043714c49"},"headline":"Ana Pastor (A.M.A.) pone en valor la IA en Odontolog\u00eda y advierte de los retos en su uso","datePublished":"2024-11-11T12:15:20+00:00","dateModified":"2024-11-19T08:27:41+00:00","mainEntityOfPage":{"@id":"https:\/\/ainohabernal.com\/2024\/11\/11\/ana-pastor-a-m-a-pone-en-valor-la-ia-en-odontologia-y-advierte-de-los-retos-en-su-uso\/"},"wordCount":669,"publisher":{"@id":"https:\/\/ainohabernal.com\/#organization"},"image":{"@id":"https:\/\/ainohabernal.com\/2024\/11\/11\/ana-pastor-a-m-a-pone-en-valor-la-ia-en-odontologia-y-advierte-de-los-retos-en-su-uso\/#primaryimage"},"thumbnailUrl":"https:\/\/ainohabernal.com\/wp-content\/uploads\/2024\/11\/woman-3498849_1280.jpg","articleSection":["Noticias"],"inLanguage":"ca"},{"@type":"WebPage","@id":"https:\/\/ainohabernal.com\/2024\/11\/11\/ana-pastor-a-m-a-pone-en-valor-la-ia-en-odontologia-y-advierte-de-los-retos-en-su-uso\/","url":"https:\/\/ainohabernal.com\/2024\/11\/11\/ana-pastor-a-m-a-pone-en-valor-la-ia-en-odontologia-y-advierte-de-los-retos-en-su-uso\/","name":"Ana Pastor (A.M.A.) pone en valor la IA en Odontolog\u00eda y advierte de los retos en su uso - Dra. Ainoha Bernal","isPartOf":{"@id":"https:\/\/ainohabernal.com\/#website"},"primaryImageOfPage":{"@id":"https:\/\/ainohabernal.com\/2024\/11\/11\/ana-pastor-a-m-a-pone-en-valor-la-ia-en-odontologia-y-advierte-de-los-retos-en-su-uso\/#primaryimage"},"image":{"@id":"https:\/\/ainohabernal.com\/2024\/11\/11\/ana-pastor-a-m-a-pone-en-valor-la-ia-en-odontologia-y-advierte-de-los-retos-en-su-uso\/#primaryimage"},"thumbnailUrl":"https:\/\/ainohabernal.com\/wp-content\/uploads\/2024\/11\/woman-3498849_1280.jpg","datePublished":"2024-11-11T12:15:20+00:00","dateModified":"2024-11-19T08:27:41+00:00","breadcrumb":{"@id":"https:\/\/ainohabernal.com\/2024\/11\/11\/ana-pastor-a-m-a-pone-en-valor-la-ia-en-odontologia-y-advierte-de-los-retos-en-su-uso\/#breadcrumb"},"inLanguage":"ca","potentialAction":[{"@type":"ReadAction","target":["https:\/\/ainohabernal.com\/2024\/11\/11\/ana-pastor-a-m-a-pone-en-valor-la-ia-en-odontologia-y-advierte-de-los-retos-en-su-uso\/"]}]},{"@type":"ImageObject","inLanguage":"ca","@id":"https:\/\/ainohabernal.com\/2024\/11\/11\/ana-pastor-a-m-a-pone-en-valor-la-ia-en-odontologia-y-advierte-de-los-retos-en-su-uso\/#primaryimage","url":"https:\/\/ainohabernal.com\/wp-content\/uploads\/2024\/11\/woman-3498849_1280.jpg","contentUrl":"https:\/\/ainohabernal.com\/wp-content\/uploads\/2024\/11\/woman-3498849_1280.jpg","width":1280,"height":600},{"@type":"BreadcrumbList","@id":"https:\/\/ainohabernal.com\/2024\/11\/11\/ana-pastor-a-m-a-pone-en-valor-la-ia-en-odontologia-y-advierte-de-los-retos-en-su-uso\/#breadcrumb","itemListElement":[{"@type":"ListItem","position":1,"name":"Portada","item":"https:\/\/ainohabernal.com\/"},{"@type":"ListItem","position":2,"name":"Ana Pastor (A.M.A.) pone en valor la IA en Odontolog\u00eda y advierte de los retos en su uso"}]},{"@type":"WebSite","@id":"https:\/\/ainohabernal.com\/#website","url":"https:\/\/ainohabernal.com\/","name":"Ainoha Bernal","description":"Odontologia General","publisher":{"@id":"https:\/\/ainohabernal.com\/#organization"},"potentialAction":[{"@type":"SearchAction","target":{"@type":"EntryPoint","urlTemplate":"https:\/\/ainohabernal.com\/?s={search_term_string}"},"query-input":{"@type":"PropertyValueSpecification","valueRequired":true,"valueName":"search_term_string"}}],"inLanguage":"ca"},{"@type":"Organization","@id":"https:\/\/ainohabernal.com\/#organization","name":"Ainoha Bernal","url":"https:\/\/ainohabernal.com\/","logo":{"@type":"ImageObject","inLanguage":"ca","@id":"https:\/\/ainohabernal.com\/#\/schema\/logo\/image\/","url":"https:\/\/ainohabernal.com\/wp-content\/uploads\/2024\/11\/Captura_de_pantalla_2024-11-18_111157-transformed-1.png","contentUrl":"https:\/\/ainohabernal.com\/wp-content\/uploads\/2024\/11\/Captura_de_pantalla_2024-11-18_111157-transformed-1.png","width":2392,"height":788,"caption":"Ainoha Bernal"},"image":{"@id":"https:\/\/ainohabernal.com\/#\/schema\/logo\/image\/"}},{"@type":"Person","@id":"https:\/\/ainohabernal.com\/#\/schema\/person\/6da49a7f1da0ff749667024043714c49","name":"saraux","image":{"@type":"ImageObject","inLanguage":"ca","@id":"https:\/\/secure.gravatar.com\/avatar\/3cf3fef6b1c3bfaf212b185cda533a255a6120674ac677a40ae5a15a1a9d6c15?s=96&d=mm&r=g","url":"https:\/\/secure.gravatar.com\/avatar\/3cf3fef6b1c3bfaf212b185cda533a255a6120674ac677a40ae5a15a1a9d6c15?s=96&d=mm&r=g","contentUrl":"https:\/\/secure.gravatar.com\/avatar\/3cf3fef6b1c3bfaf212b185cda533a255a6120674ac677a40ae5a15a1a9d6c15?s=96&d=mm&r=g","caption":"saraux"},"sameAs":["http:\/\/ainohabernal.com"],"url":"https:\/\/ainohabernal.com\/ca\/author\/saraux\/"}]}},"_links":{"self":[{"href":"https:\/\/ainohabernal.com\/ca\/wp-json\/wp\/v2\/posts\/190","targetHints":{"allow":["GET"]}}],"collection":[{"href":"https:\/\/ainohabernal.com\/ca\/wp-json\/wp\/v2\/posts"}],"about":[{"href":"https:\/\/ainohabernal.com\/ca\/wp-json\/wp\/v2\/types\/post"}],"author":[{"embeddable":true,"href":"https:\/\/ainohabernal.com\/ca\/wp-json\/wp\/v2\/users\/1"}],"replies":[{"embeddable":true,"href":"https:\/\/ainohabernal.com\/ca\/wp-json\/wp\/v2\/comments?post=190"}],"version-history":[{"count":2,"href":"https:\/\/ainohabernal.com\/ca\/wp-json\/wp\/v2\/posts\/190\/revisions"}],"predecessor-version":[{"id":193,"href":"https:\/\/ainohabernal.com\/ca\/wp-json\/wp\/v2\/posts\/190\/revisions\/193"}],"wp:featuredmedia":[{"embeddable":true,"href":"https:\/\/ainohabernal.com\/ca\/wp-json\/wp\/v2\/media\/102"}],"wp:attachment":[{"href":"https:\/\/ainohabernal.com\/ca\/wp-json\/wp\/v2\/media?parent=190"}],"wp:term":[{"taxonomy":"category","embeddable":true,"href":"https:\/\/ainohabernal.com\/ca\/wp-json\/wp\/v2\/categories?post=190"},{"taxonomy":"post_tag","embeddable":true,"href":"https:\/\/ainohabernal.com\/ca\/wp-json\/wp\/v2\/tags?post=190"}],"curies":[{"name":"wp","href":"https:\/\/api.w.org\/{rel}","templated":true}]}}