{"id":197,"date":"2024-10-28T09:34:07","date_gmt":"2024-10-28T08:34:07","guid":{"rendered":"https:\/\/ainohabernal.com\/?p=197"},"modified":"2024-11-19T09:53:25","modified_gmt":"2024-11-19T08:53:25","slug":"profesorado-de-odontologia-participa-en-una-mision-bucodental-de-cirugia-solidaria-en-senegal","status":"publish","type":"post","link":"https:\/\/ainohabernal.com\/ca\/2024\/10\/28\/profesorado-de-odontologia-participa-en-una-mision-bucodental-de-cirugia-solidaria-en-senegal\/","title":{"rendered":"Profesorado de Odontolog\u00eda participa en misi\u00f3n de Cirug\u00eda Solidaria"},"content":{"rendered":"<p>La ONG murciana&nbsp;<a href=\"https:\/\/urldefense.com\/v3\/__https:\/www.cirugiasolidaria.es\/__;!!D9dNQwwGXtA!TWgRyptpm-7pLt1VeaHEftf1ZqFekXCQGidW7Ddpb0isGYf3jZMJaYftkDJ73kwaBABSxsqRQKR5FVNWXq3wI36h4g$\" target=\"_blank\" rel=\"noreferrer noopener\">Cirug\u00eda Solidaria<\/a>, vinculada estrechamente a trav\u00e9s de profesorado a la Universidad de Murcia, ha desarrollado a lo largo de siete d\u00edas en la localidad senegalesa de Ab\u00e9n\u00e9, en la regi\u00f3n de Casamance, un programa pionero de salud bucodental, en el que se ha prestado atenci\u00f3n m\u00e9dica por parte de nueve profesionales procedentes de la Regi\u00f3n a 400 pacientes, 220 adultos y 180 escolares, de 2 a 14 a\u00f1os. Este proyecto ha contado con el apoyo de la Facultad de Medicina a trav\u00e9s de profesorado de su grado en Odontolog\u00eda.&nbsp;<\/p>\n\n\n\n<p>Esta misi\u00f3n, la primera de car\u00e1cter \u00fanicamente bucodental que lleva a cabo la organizaci\u00f3n m\u00e9dico-humanitaria, cont\u00f3 con una labor previa de visita a centros escolares de la regi\u00f3n, en la que se detectaron las necesidades asistenciales de la poblaci\u00f3n. Y es que las enfermedades bucodentales, pese a ser en su mayor\u00eda prevenibles, suponen una importante carga para la salud de muchos pa\u00edses y afectan a la poblaci\u00f3n, causando dolor, molestias, deformaciones e incluso la muerte. Seg\u00fan ha explicado la coordinadora de la misi\u00f3n de Cirug\u00eda Solidaria y Jefa del Servicio de Cirug\u00eda Maxilofacial del Hospital Cl\u00ednico Universitario Virgen de la Arrixaca&nbsp; y profesora de la UMU, Mar\u00eda \u00c1ngeles Rodr\u00edguez, \u201cel tratamiento de las afecciones de salud bucodental es caro. La mayor\u00eda de los pa\u00edses de ingresos bajos y medianos no dispone de suficientes servicios de prevenci\u00f3n y tratamiento de las afecciones de salud bucodental, por lo que adem\u00e1s de dar cobertura asistencial, tambi\u00e9n hemos desarrollado una labor de prevenci\u00f3n muy importante, distribuyendo kits de higiene, e informando en los colegios y a la poblaci\u00f3n adulta sobre los efectos de una higiene dental deficiente. Hay que destacar la implicaci\u00f3n y el inter\u00e9s por parte de los maestros, y el incre\u00edble comportamiento de los ni\u00f1os, que ha permitido hacer muy f\u00e1cil el tratamiento\u201d.<\/p>\n\n\n\n<p>La mayor parte de las afecciones que se han tratado en ni\u00f1os y adultos son caries dentales en su mayor\u00eda muy avanzadas, pero tambi\u00e9n ha permitido el diagn\u00f3stico de otras patolog\u00edas como enfermedades periodontales, c\u00e1nceres de cavidad oral, as\u00ed como otras afecciones bucodentales de importancia para la salud, como las fisuras orofaciales y los traumatismos&nbsp;bucodentales.<\/p>\n\n\n\n<p>En su informe mundial sobre el estado de la salud bucodental (2022, en ingl\u00e9s), la OMS estim\u00f3 que las enfermedades bucodentales afectan a cerca de 3.500 millones de personas en todo el mundo, y que 3 de cada 4 de estas personas viven en pa\u00edses de ingresos medios. La labor que se ha iniciado ahora por parte de los sanitarios murcianos en el pa\u00eds africano va a tener continuidad en una segunda misi\u00f3n que est\u00e1 previsto que se lleve a cabo en el mes de marzo de 2025. Mar\u00eda \u00c1ngeles Rodr\u00edguez declar\u00f3 que \u201cacabamos de llegar a la Regi\u00f3n y ya estamos deseando volver a Senegal para continuar este trabajo\u201d.<\/p>\n\n\n\n<p>&nbsp;<strong>Sobre Cirug\u00eda Solidaria<\/strong><\/p>\n\n\n\n<p>Cirug\u00eda Solidaria se cre\u00f3 en el a\u00f1o 2000 por iniciativa de un grupo de cirujanos, anestesistas y enfermeras del Hospital Virgen de la Arrixaca, con el objetivo de prestar asistencia m\u00e9dica mediante cirug\u00eda a poblaciones vulnerables o en riesgo de exclusi\u00f3n.<\/p>\n\n\n\n<p>En la actualidad la integran un equipo multidisciplinar de 120 profesionales sanitarios de todo el pa\u00eds. La organizaci\u00f3n ya ha realizado a lo largo de sus casi 25 a\u00f1os un total de 26 proyectos y ha sido reconocida como de utilidad p\u00fablica nacional, forma parte del Proyecto para la Asistencia y Formaci\u00f3n en Ayuda Humanitaria a Pa\u00edses Necesitados en el \u00c1mbito de la Cirug\u00eda y est\u00e1 inscrita en el Registro Nacional de Asociaciones y en la AECID (Agencia Espa\u00f1ola de Cooperaci\u00f3n Internacional al Desarrollo.<\/p>\n\n\n\n<p class=\"has-vivid-red-color has-text-color has-link-color wp-elements-1f07bcf565fe2f38e9745f37e5a9ece7\"><em>Fuente: https:\/\/www.um.es\/web\/sala-prensa\/-\/profesorado-de-odontolog%C3%ADa-participa-en-una-misi%C3%B3n-bucodental-de-cirug%C3%ADa-solidaria-en-senegal<\/em><\/p>","protected":false},"excerpt":{"rendered":"<p>La ONG murciana\u00a0Cirug\u00eda Solidaria, vinculada estrechamente a trav\u00e9s de profesorado a la Universidad de Murcia, ha desarrollado a lo largo de siete d\u00edas en la localidad senegalesa de Ab\u00e9n\u00e9, en la regi\u00f3n de Casamance<\/p>","protected":false},"author":1,"featured_media":101,"comment_status":"closed","ping_status":"closed","sticky":false,"template":"","format":"standard","meta":{"footnotes":""},"categories":[6],"tags":[],"class_list":["post-197","post","type-post","status-publish","format-standard","has-post-thumbnail","hentry","category-noticias"],"yoast_head":"<!-- This site is optimized with the Yoast SEO plugin v27.5 - https:\/\/yoast.com\/product\/yoast-seo-wordpress\/ -->\n<title>Profesorado de Odontolog\u00eda participa en misi\u00f3n de Cirug\u00eda Solidaria - Dra. Ainoha Bernal<\/title>\n<meta name=\"robots\" content=\"index, follow, max-snippet:-1, max-image-preview:large, max-video-preview:-1\" \/>\n<link rel=\"canonical\" href=\"https:\/\/ainohabernal.com\/ca\/2024\/10\/28\/profesorado-de-odontologia-participa-en-una-mision-bucodental-de-cirugia-solidaria-en-senegal\/\" \/>\n<meta property=\"og:locale\" content=\"ca_ES\" \/>\n<meta property=\"og:type\" content=\"article\" \/>\n<meta property=\"og:title\" content=\"Profesorado de Odontolog\u00eda participa en misi\u00f3n de Cirug\u00eda Solidaria - Dra. Ainoha Bernal\" \/>\n<meta property=\"og:description\" content=\"La ONG murciana\u00a0Cirug\u00eda Solidaria, vinculada estrechamente a trav\u00e9s de profesorado a la Universidad de Murcia, ha desarrollado a lo largo de siete d\u00edas en la localidad senegalesa de Ab\u00e9n\u00e9, en la regi\u00f3n de Casamance\" \/>\n<meta property=\"og:url\" content=\"https:\/\/ainohabernal.com\/ca\/2024\/10\/28\/profesorado-de-odontologia-participa-en-una-mision-bucodental-de-cirugia-solidaria-en-senegal\/\" \/>\n<meta property=\"og:site_name\" content=\"Dra. Ainoha Bernal\" \/>\n<meta property=\"article:published_time\" content=\"2024-10-28T08:34:07+00:00\" \/>\n<meta property=\"article:modified_time\" content=\"2024-11-19T08:53:25+00:00\" \/>\n<meta property=\"og:image\" content=\"https:\/\/ainohabernal.com\/wp-content\/uploads\/2024\/11\/toothbrush-2751212_1280.jpg\" \/>\n\t<meta property=\"og:image:width\" content=\"1280\" \/>\n\t<meta property=\"og:image:height\" content=\"853\" \/>\n\t<meta property=\"og:image:type\" content=\"image\/jpeg\" \/>\n<meta name=\"author\" content=\"saraux\" \/>\n<meta name=\"twitter:card\" content=\"summary_large_image\" \/>\n<meta name=\"twitter:label1\" content=\"Escrit per\" \/>\n\t<meta name=\"twitter:data1\" content=\"saraux\" \/>\n\t<meta name=\"twitter:label2\" content=\"Temps estimat de lectura\" \/>\n\t<meta name=\"twitter:data2\" content=\"3 minuts\" \/>\n<script type=\"application\/ld+json\" class=\"yoast-schema-graph\">{\"@context\":\"https:\\\/\\\/schema.org\",\"@graph\":[{\"@type\":\"Article\",\"@id\":\"https:\\\/\\\/ainohabernal.com\\\/2024\\\/10\\\/28\\\/profesorado-de-odontologia-participa-en-una-mision-bucodental-de-cirugia-solidaria-en-senegal\\\/#article\",\"isPartOf\":{\"@id\":\"https:\\\/\\\/ainohabernal.com\\\/2024\\\/10\\\/28\\\/profesorado-de-odontologia-participa-en-una-mision-bucodental-de-cirugia-solidaria-en-senegal\\\/\"},\"author\":{\"name\":\"saraux\",\"@id\":\"https:\\\/\\\/ainohabernal.com\\\/#\\\/schema\\\/person\\\/6da49a7f1da0ff749667024043714c49\"},\"headline\":\"Profesorado de Odontolog\u00eda participa en misi\u00f3n de Cirug\u00eda Solidaria\",\"datePublished\":\"2024-10-28T08:34:07+00:00\",\"dateModified\":\"2024-11-19T08:53:25+00:00\",\"mainEntityOfPage\":{\"@id\":\"https:\\\/\\\/ainohabernal.com\\\/2024\\\/10\\\/28\\\/profesorado-de-odontologia-participa-en-una-mision-bucodental-de-cirugia-solidaria-en-senegal\\\/\"},\"wordCount\":683,\"publisher\":{\"@id\":\"https:\\\/\\\/ainohabernal.com\\\/#organization\"},\"image\":{\"@id\":\"https:\\\/\\\/ainohabernal.com\\\/2024\\\/10\\\/28\\\/profesorado-de-odontologia-participa-en-una-mision-bucodental-de-cirugia-solidaria-en-senegal\\\/#primaryimage\"},\"thumbnailUrl\":\"https:\\\/\\\/ainohabernal.com\\\/wp-content\\\/uploads\\\/2024\\\/11\\\/toothbrush-2751212_1280.jpg\",\"articleSection\":[\"Noticias\"],\"inLanguage\":\"ca\"},{\"@type\":\"WebPage\",\"@id\":\"https:\\\/\\\/ainohabernal.com\\\/2024\\\/10\\\/28\\\/profesorado-de-odontologia-participa-en-una-mision-bucodental-de-cirugia-solidaria-en-senegal\\\/\",\"url\":\"https:\\\/\\\/ainohabernal.com\\\/2024\\\/10\\\/28\\\/profesorado-de-odontologia-participa-en-una-mision-bucodental-de-cirugia-solidaria-en-senegal\\\/\",\"name\":\"Profesorado de Odontolog\u00eda participa en misi\u00f3n de Cirug\u00eda Solidaria - Dra. Ainoha Bernal\",\"isPartOf\":{\"@id\":\"https:\\\/\\\/ainohabernal.com\\\/#website\"},\"primaryImageOfPage\":{\"@id\":\"https:\\\/\\\/ainohabernal.com\\\/2024\\\/10\\\/28\\\/profesorado-de-odontologia-participa-en-una-mision-bucodental-de-cirugia-solidaria-en-senegal\\\/#primaryimage\"},\"image\":{\"@id\":\"https:\\\/\\\/ainohabernal.com\\\/2024\\\/10\\\/28\\\/profesorado-de-odontologia-participa-en-una-mision-bucodental-de-cirugia-solidaria-en-senegal\\\/#primaryimage\"},\"thumbnailUrl\":\"https:\\\/\\\/ainohabernal.com\\\/wp-content\\\/uploads\\\/2024\\\/11\\\/toothbrush-2751212_1280.jpg\",\"datePublished\":\"2024-10-28T08:34:07+00:00\",\"dateModified\":\"2024-11-19T08:53:25+00:00\",\"breadcrumb\":{\"@id\":\"https:\\\/\\\/ainohabernal.com\\\/2024\\\/10\\\/28\\\/profesorado-de-odontologia-participa-en-una-mision-bucodental-de-cirugia-solidaria-en-senegal\\\/#breadcrumb\"},\"inLanguage\":\"ca\",\"potentialAction\":[{\"@type\":\"ReadAction\",\"target\":[\"https:\\\/\\\/ainohabernal.com\\\/2024\\\/10\\\/28\\\/profesorado-de-odontologia-participa-en-una-mision-bucodental-de-cirugia-solidaria-en-senegal\\\/\"]}]},{\"@type\":\"ImageObject\",\"inLanguage\":\"ca\",\"@id\":\"https:\\\/\\\/ainohabernal.com\\\/2024\\\/10\\\/28\\\/profesorado-de-odontologia-participa-en-una-mision-bucodental-de-cirugia-solidaria-en-senegal\\\/#primaryimage\",\"url\":\"https:\\\/\\\/ainohabernal.com\\\/wp-content\\\/uploads\\\/2024\\\/11\\\/toothbrush-2751212_1280.jpg\",\"contentUrl\":\"https:\\\/\\\/ainohabernal.com\\\/wp-content\\\/uploads\\\/2024\\\/11\\\/toothbrush-2751212_1280.jpg\",\"width\":1280,\"height\":853},{\"@type\":\"BreadcrumbList\",\"@id\":\"https:\\\/\\\/ainohabernal.com\\\/2024\\\/10\\\/28\\\/profesorado-de-odontologia-participa-en-una-mision-bucodental-de-cirugia-solidaria-en-senegal\\\/#breadcrumb\",\"itemListElement\":[{\"@type\":\"ListItem\",\"position\":1,\"name\":\"Portada\",\"item\":\"https:\\\/\\\/ainohabernal.com\\\/\"},{\"@type\":\"ListItem\",\"position\":2,\"name\":\"Profesorado de Odontolog\u00eda participa en misi\u00f3n de Cirug\u00eda Solidaria\"}]},{\"@type\":\"WebSite\",\"@id\":\"https:\\\/\\\/ainohabernal.com\\\/#website\",\"url\":\"https:\\\/\\\/ainohabernal.com\\\/\",\"name\":\"Ainoha Bernal\",\"description\":\"Odontolog\u00eda General\",\"publisher\":{\"@id\":\"https:\\\/\\\/ainohabernal.com\\\/#organization\"},\"potentialAction\":[{\"@type\":\"SearchAction\",\"target\":{\"@type\":\"EntryPoint\",\"urlTemplate\":\"https:\\\/\\\/ainohabernal.com\\\/?s={search_term_string}\"},\"query-input\":{\"@type\":\"PropertyValueSpecification\",\"valueRequired\":true,\"valueName\":\"search_term_string\"}}],\"inLanguage\":\"ca\"},{\"@type\":\"Organization\",\"@id\":\"https:\\\/\\\/ainohabernal.com\\\/#organization\",\"name\":\"Ainoha Bernal\",\"url\":\"https:\\\/\\\/ainohabernal.com\\\/\",\"logo\":{\"@type\":\"ImageObject\",\"inLanguage\":\"ca\",\"@id\":\"https:\\\/\\\/ainohabernal.com\\\/#\\\/schema\\\/logo\\\/image\\\/\",\"url\":\"https:\\\/\\\/ainohabernal.com\\\/wp-content\\\/uploads\\\/2024\\\/11\\\/Captura_de_pantalla_2024-11-18_111157-transformed-1.png\",\"contentUrl\":\"https:\\\/\\\/ainohabernal.com\\\/wp-content\\\/uploads\\\/2024\\\/11\\\/Captura_de_pantalla_2024-11-18_111157-transformed-1.png\",\"width\":2392,\"height\":788,\"caption\":\"Ainoha Bernal\"},\"image\":{\"@id\":\"https:\\\/\\\/ainohabernal.com\\\/#\\\/schema\\\/logo\\\/image\\\/\"}},{\"@type\":\"Person\",\"@id\":\"https:\\\/\\\/ainohabernal.com\\\/#\\\/schema\\\/person\\\/6da49a7f1da0ff749667024043714c49\",\"name\":\"saraux\",\"image\":{\"@type\":\"ImageObject\",\"inLanguage\":\"ca\",\"@id\":\"https:\\\/\\\/secure.gravatar.com\\\/avatar\\\/3cf3fef6b1c3bfaf212b185cda533a255a6120674ac677a40ae5a15a1a9d6c15?s=96&d=mm&r=g\",\"url\":\"https:\\\/\\\/secure.gravatar.com\\\/avatar\\\/3cf3fef6b1c3bfaf212b185cda533a255a6120674ac677a40ae5a15a1a9d6c15?s=96&d=mm&r=g\",\"contentUrl\":\"https:\\\/\\\/secure.gravatar.com\\\/avatar\\\/3cf3fef6b1c3bfaf212b185cda533a255a6120674ac677a40ae5a15a1a9d6c15?s=96&d=mm&r=g\",\"caption\":\"saraux\"},\"sameAs\":[\"http:\\\/\\\/ainohabernal.com\"],\"url\":\"https:\\\/\\\/ainohabernal.com\\\/ca\\\/author\\\/saraux\\\/\"}]}<\/script>\n<!-- \/ Yoast SEO plugin. -->","yoast_head_json":{"title":"Profesorado de Odontolog\u00eda participa en misi\u00f3n de Cirug\u00eda Solidaria - Dra. Ainoha Bernal","robots":{"index":"index","follow":"follow","max-snippet":"max-snippet:-1","max-image-preview":"max-image-preview:large","max-video-preview":"max-video-preview:-1"},"canonical":"https:\/\/ainohabernal.com\/ca\/2024\/10\/28\/profesorado-de-odontologia-participa-en-una-mision-bucodental-de-cirugia-solidaria-en-senegal\/","og_locale":"ca_ES","og_type":"article","og_title":"Profesorado de Odontolog\u00eda participa en misi\u00f3n de Cirug\u00eda Solidaria - Dra. Ainoha Bernal","og_description":"La ONG murciana\u00a0Cirug\u00eda Solidaria, vinculada estrechamente a trav\u00e9s de profesorado a la Universidad de Murcia, ha desarrollado a lo largo de siete d\u00edas en la localidad senegalesa de Ab\u00e9n\u00e9, en la regi\u00f3n de Casamance","og_url":"https:\/\/ainohabernal.com\/ca\/2024\/10\/28\/profesorado-de-odontologia-participa-en-una-mision-bucodental-de-cirugia-solidaria-en-senegal\/","og_site_name":"Dra. Ainoha Bernal","article_published_time":"2024-10-28T08:34:07+00:00","article_modified_time":"2024-11-19T08:53:25+00:00","og_image":[{"width":1280,"height":853,"url":"https:\/\/ainohabernal.com\/wp-content\/uploads\/2024\/11\/toothbrush-2751212_1280.jpg","type":"image\/jpeg"}],"author":"saraux","twitter_card":"summary_large_image","twitter_misc":{"Escrit per":"saraux","Temps estimat de lectura":"3 minuts"},"schema":{"@context":"https:\/\/schema.org","@graph":[{"@type":"Article","@id":"https:\/\/ainohabernal.com\/2024\/10\/28\/profesorado-de-odontologia-participa-en-una-mision-bucodental-de-cirugia-solidaria-en-senegal\/#article","isPartOf":{"@id":"https:\/\/ainohabernal.com\/2024\/10\/28\/profesorado-de-odontologia-participa-en-una-mision-bucodental-de-cirugia-solidaria-en-senegal\/"},"author":{"name":"saraux","@id":"https:\/\/ainohabernal.com\/#\/schema\/person\/6da49a7f1da0ff749667024043714c49"},"headline":"Profesorado de Odontolog\u00eda participa en misi\u00f3n de Cirug\u00eda Solidaria","datePublished":"2024-10-28T08:34:07+00:00","dateModified":"2024-11-19T08:53:25+00:00","mainEntityOfPage":{"@id":"https:\/\/ainohabernal.com\/2024\/10\/28\/profesorado-de-odontologia-participa-en-una-mision-bucodental-de-cirugia-solidaria-en-senegal\/"},"wordCount":683,"publisher":{"@id":"https:\/\/ainohabernal.com\/#organization"},"image":{"@id":"https:\/\/ainohabernal.com\/2024\/10\/28\/profesorado-de-odontologia-participa-en-una-mision-bucodental-de-cirugia-solidaria-en-senegal\/#primaryimage"},"thumbnailUrl":"https:\/\/ainohabernal.com\/wp-content\/uploads\/2024\/11\/toothbrush-2751212_1280.jpg","articleSection":["Noticias"],"inLanguage":"ca"},{"@type":"WebPage","@id":"https:\/\/ainohabernal.com\/2024\/10\/28\/profesorado-de-odontologia-participa-en-una-mision-bucodental-de-cirugia-solidaria-en-senegal\/","url":"https:\/\/ainohabernal.com\/2024\/10\/28\/profesorado-de-odontologia-participa-en-una-mision-bucodental-de-cirugia-solidaria-en-senegal\/","name":"Profesorado de Odontolog\u00eda participa en misi\u00f3n de Cirug\u00eda Solidaria - Dra. Ainoha Bernal","isPartOf":{"@id":"https:\/\/ainohabernal.com\/#website"},"primaryImageOfPage":{"@id":"https:\/\/ainohabernal.com\/2024\/10\/28\/profesorado-de-odontologia-participa-en-una-mision-bucodental-de-cirugia-solidaria-en-senegal\/#primaryimage"},"image":{"@id":"https:\/\/ainohabernal.com\/2024\/10\/28\/profesorado-de-odontologia-participa-en-una-mision-bucodental-de-cirugia-solidaria-en-senegal\/#primaryimage"},"thumbnailUrl":"https:\/\/ainohabernal.com\/wp-content\/uploads\/2024\/11\/toothbrush-2751212_1280.jpg","datePublished":"2024-10-28T08:34:07+00:00","dateModified":"2024-11-19T08:53:25+00:00","breadcrumb":{"@id":"https:\/\/ainohabernal.com\/2024\/10\/28\/profesorado-de-odontologia-participa-en-una-mision-bucodental-de-cirugia-solidaria-en-senegal\/#breadcrumb"},"inLanguage":"ca","potentialAction":[{"@type":"ReadAction","target":["https:\/\/ainohabernal.com\/2024\/10\/28\/profesorado-de-odontologia-participa-en-una-mision-bucodental-de-cirugia-solidaria-en-senegal\/"]}]},{"@type":"ImageObject","inLanguage":"ca","@id":"https:\/\/ainohabernal.com\/2024\/10\/28\/profesorado-de-odontologia-participa-en-una-mision-bucodental-de-cirugia-solidaria-en-senegal\/#primaryimage","url":"https:\/\/ainohabernal.com\/wp-content\/uploads\/2024\/11\/toothbrush-2751212_1280.jpg","contentUrl":"https:\/\/ainohabernal.com\/wp-content\/uploads\/2024\/11\/toothbrush-2751212_1280.jpg","width":1280,"height":853},{"@type":"BreadcrumbList","@id":"https:\/\/ainohabernal.com\/2024\/10\/28\/profesorado-de-odontologia-participa-en-una-mision-bucodental-de-cirugia-solidaria-en-senegal\/#breadcrumb","itemListElement":[{"@type":"ListItem","position":1,"name":"Portada","item":"https:\/\/ainohabernal.com\/"},{"@type":"ListItem","position":2,"name":"Profesorado de Odontolog\u00eda participa en misi\u00f3n de Cirug\u00eda Solidaria"}]},{"@type":"WebSite","@id":"https:\/\/ainohabernal.com\/#website","url":"https:\/\/ainohabernal.com\/","name":"Ainoha Bernal","description":"Odontologia General","publisher":{"@id":"https:\/\/ainohabernal.com\/#organization"},"potentialAction":[{"@type":"SearchAction","target":{"@type":"EntryPoint","urlTemplate":"https:\/\/ainohabernal.com\/?s={search_term_string}"},"query-input":{"@type":"PropertyValueSpecification","valueRequired":true,"valueName":"search_term_string"}}],"inLanguage":"ca"},{"@type":"Organization","@id":"https:\/\/ainohabernal.com\/#organization","name":"Ainoha Bernal","url":"https:\/\/ainohabernal.com\/","logo":{"@type":"ImageObject","inLanguage":"ca","@id":"https:\/\/ainohabernal.com\/#\/schema\/logo\/image\/","url":"https:\/\/ainohabernal.com\/wp-content\/uploads\/2024\/11\/Captura_de_pantalla_2024-11-18_111157-transformed-1.png","contentUrl":"https:\/\/ainohabernal.com\/wp-content\/uploads\/2024\/11\/Captura_de_pantalla_2024-11-18_111157-transformed-1.png","width":2392,"height":788,"caption":"Ainoha Bernal"},"image":{"@id":"https:\/\/ainohabernal.com\/#\/schema\/logo\/image\/"}},{"@type":"Person","@id":"https:\/\/ainohabernal.com\/#\/schema\/person\/6da49a7f1da0ff749667024043714c49","name":"saraux","image":{"@type":"ImageObject","inLanguage":"ca","@id":"https:\/\/secure.gravatar.com\/avatar\/3cf3fef6b1c3bfaf212b185cda533a255a6120674ac677a40ae5a15a1a9d6c15?s=96&d=mm&r=g","url":"https:\/\/secure.gravatar.com\/avatar\/3cf3fef6b1c3bfaf212b185cda533a255a6120674ac677a40ae5a15a1a9d6c15?s=96&d=mm&r=g","contentUrl":"https:\/\/secure.gravatar.com\/avatar\/3cf3fef6b1c3bfaf212b185cda533a255a6120674ac677a40ae5a15a1a9d6c15?s=96&d=mm&r=g","caption":"saraux"},"sameAs":["http:\/\/ainohabernal.com"],"url":"https:\/\/ainohabernal.com\/ca\/author\/saraux\/"}]}},"_links":{"self":[{"href":"https:\/\/ainohabernal.com\/ca\/wp-json\/wp\/v2\/posts\/197","targetHints":{"allow":["GET"]}}],"collection":[{"href":"https:\/\/ainohabernal.com\/ca\/wp-json\/wp\/v2\/posts"}],"about":[{"href":"https:\/\/ainohabernal.com\/ca\/wp-json\/wp\/v2\/types\/post"}],"author":[{"embeddable":true,"href":"https:\/\/ainohabernal.com\/ca\/wp-json\/wp\/v2\/users\/1"}],"replies":[{"embeddable":true,"href":"https:\/\/ainohabernal.com\/ca\/wp-json\/wp\/v2\/comments?post=197"}],"version-history":[{"count":14,"href":"https:\/\/ainohabernal.com\/ca\/wp-json\/wp\/v2\/posts\/197\/revisions"}],"predecessor-version":[{"id":223,"href":"https:\/\/ainohabernal.com\/ca\/wp-json\/wp\/v2\/posts\/197\/revisions\/223"}],"wp:featuredmedia":[{"embeddable":true,"href":"https:\/\/ainohabernal.com\/ca\/wp-json\/wp\/v2\/media\/101"}],"wp:attachment":[{"href":"https:\/\/ainohabernal.com\/ca\/wp-json\/wp\/v2\/media?parent=197"}],"wp:term":[{"taxonomy":"category","embeddable":true,"href":"https:\/\/ainohabernal.com\/ca\/wp-json\/wp\/v2\/categories?post=197"},{"taxonomy":"post_tag","embeddable":true,"href":"https:\/\/ainohabernal.com\/ca\/wp-json\/wp\/v2\/tags?post=197"}],"curies":[{"name":"wp","href":"https:\/\/api.w.org\/{rel}","templated":true}]}}