{"id":213,"date":"2024-10-22T09:48:47","date_gmt":"2024-10-22T07:48:47","guid":{"rendered":"https:\/\/ainohabernal.com\/?p=213"},"modified":"2024-11-19T09:49:02","modified_gmt":"2024-11-19T08:49:02","slug":"entrega-de-los-xii-premios-a-la-excelencia-en-los-estudios-de-odontologia","status":"publish","type":"post","link":"https:\/\/ainohabernal.com\/ca\/2024\/10\/22\/entrega-de-los-xii-premios-a-la-excelencia-en-los-estudios-de-odontologia\/","title":{"rendered":"Entrega de los XII Premios a la Excelencia en los estudios de Odontolog\u00eda"},"content":{"rendered":"<p><em>Un a\u00f1o m\u00e1s, el sal\u00f3n de actos de la&nbsp;Facultad de Odontolog\u00eda de la Universidad Complutense&nbsp;de Madrid acogi\u00f3 la entrega de&nbsp;Premios a la Excelencia en los estudios de Odontolog\u00eda&nbsp;y cuya&nbsp;XII edici\u00f3n&nbsp;estaba presidida por&nbsp;el Dr. Llu\u00eds Giner, presidente de la Conferencia de Decanos de las Facultades de Odontolog\u00eda (CRADO); Mar\u00eda Jes\u00fas Mora, secretaria de CRADO;&nbsp;el Dr. Jos\u00e9 Carlos de la Macorra, padrino de la promoci\u00f3n 2023\/2024 y&nbsp;Luis Garralda, presidente del&nbsp;Sector Dental de la&nbsp;Federaci\u00f3n Espa\u00f1ola de Empresas de Tecnolog\u00eda Sanitaria,&nbsp;Fenin.&nbsp;<\/em><\/p>\n\n\n\n<p>El acto, organizado y promovido por la Conferencia de Decanos de las Facultades de Odontolog\u00eda de toda Espa\u00f1a y patrocinado por la Federaci\u00f3n Fenin, ten\u00eda como objetivo&nbsp;<strong>reconocer a aquellos estudiantes de Odontolog\u00eda que han obtenido el mejor expediente acad\u00e9mico de la promoci\u00f3n 2023\/2024.<\/strong><\/p>\n\n\n\n<p>En su discurso, el&nbsp;<strong>Dr.<\/strong>&nbsp;<strong>Llu\u00eds Giner<\/strong>, presidente de CRADO, enfatiz\u00f3 la importancia de un<strong>&nbsp;enfoque preventivo en la pr\u00e1ctica odontol\u00f3gica<\/strong>. \u201cNo solo se trata de enfrentar la patolog\u00eda y quitar el dolor, sino de evitar la aparici\u00f3n de enfermedades\u201d. Destac\u00f3&nbsp;<strong>el papel fundamental del odont\u00f3logo en la sociedad<\/strong>, recordando que \u201cpodemos hacer mucho bien a la salud de las personas, ya que estamos en primera l\u00ednea de atenci\u00f3n\u201d.<\/p>\n\n\n\n<p>Finalmente, anim\u00f3 a los premiados&nbsp;<strong>a seguir buscando la verdad y la excelencia en su labor diaria<\/strong>, concluyendo: \u201cAcordaos de ser siempre transparentes con vosotros mismos y seguid iluminando a la sociedad con vuestro trabajo y vuestra pasi\u00f3n\u201d.<\/p>\n\n\n\n<h2 class=\"wp-block-heading\">La excelencia centrada en los pacientes<\/h2>\n\n\n\n<p>Durante su intervenci\u00f3n, el&nbsp;<strong>Dr. Jos\u00e9 Carlos de la Macorra<\/strong>, padrino de la promoci\u00f3n, resalt\u00f3 el&nbsp;<strong>compromiso con los pacientes<\/strong>&nbsp;<strong>y c\u00f3mo seguir aprendiendo con cada uno de ellos<\/strong>. \u201cVuestros pacientes deber\u00e1n ser el objetivo de vuestros afanes. Hab\u00e9is hecho un enorme esfuerzo para mejorar su salud, y es de esperar que cumpl\u00e1is vuestro compromiso, que compens\u00e9is vuestra deuda con la sociedad. Adem\u00e1s a\u00f1adi\u00f3 que, \u201ccada paciente tiene una expresi\u00f3n espec\u00edfica de su patolog\u00eda. Requieren un acercamiento individual y un tratamiento espec\u00edfico.&nbsp;<strong>La observaci\u00f3n cercana y atenta de cada paciente nos har\u00e1 ver cosas que antes no hab\u00edamos visto<\/strong>\u201d.<\/p>\n\n\n\n<h2 class=\"wp-block-heading\">Compromiso de la industria<\/h2>\n\n\n\n<p>Por su parte,&nbsp;<strong>Luis Garralda<\/strong>, presidente del&nbsp;Sector Dental de Fenin, se\u00f1al\u00f3 la<strong>&nbsp;colaboraci\u00f3n entre la academia y empresa<\/strong>. \u201cEl mundo acad\u00e9mico y el empresarial tienen que ir de la mano. La Odontolog\u00eda es un campo en constante evoluci\u00f3n, donde la actualizaci\u00f3n y el aprendizaje ser\u00e1n clave para vuestro \u00e9xito profesional.&nbsp;<strong>El \u00e9xito alcanzado en vuestra preparaci\u00f3n acad\u00e9mica muestra el compromiso con la excelencia<\/strong>, lo que constituye el eje fundamental para construir la atenci\u00f3n sanitaria del futuro\u201d.<\/p>\n\n\n\n<figure class=\"wp-block-image\"><img decoding=\"async\" src=\"https:\/\/gacetadental.com\/wp-content\/uploads\/2024\/10\/XII-Premios-a-la-Excelencia-en-los-estudios-de-Odontologia-3-1024x768.jpg\" alt=\"\" class=\"wp-image-64358\"\/><figcaption class=\"wp-element-caption\">Foto de familia de los premiados y decanos de las facultades de Odontolog\u00eda.<\/figcaption><\/figure>\n\n\n\n<h2 class=\"wp-block-heading\">Listado de premiados<\/h2>\n\n\n\n<p>Los alumnos premiados durante la XII Edici\u00f3n han sido:&nbsp;<strong>Antoni Ramon Aneas<\/strong>, de la Escuela Universitaria ADEMA;&nbsp;<strong>Giulia Cocca<\/strong>, de la Universidad Alfonso X El Sabio;&nbsp;<strong>Lior Elad<\/strong>, de la Universidad Cat\u00f3lica de Valencia;&nbsp;<strong>Stefania Santaniello<\/strong>, de la Universidad Cat\u00f3lica San Antonio de Murcia (UCAM);&nbsp;<strong>Sof\u00eda Corina D\u00edaz Pellegrino<\/strong>, de la Universidad CEU Cardenal Herrera;&nbsp;<strong>Celia Dorado<\/strong>, de la Universidad CEU San Pablo;&nbsp;<strong>Al\u00e1n Garc\u00eda Marqu\u00e9s<\/strong>, de la Universidad Complutense de Madrid;&nbsp;<strong>Eloy Benito Ramal<\/strong>, de la Universidad de Barcelona;&nbsp;<strong>Pablo Antonio L\u00f3pez Galindo<\/strong>, de la Universidad de Granada;&nbsp;<strong>Joseba Epelde Eizaguirre<\/strong>, de la Universidad del Pa\u00eds Vasco;<strong>&nbsp;Daniela S\u00e1nchez P\u00e9rez<\/strong>, de la Universidad de Murcia;&nbsp;<strong>Cristina Conde S\u00e1ez<\/strong>, de la Universidad de Oviedo;&nbsp;<strong>Luc\u00eda S\u00e1nchez Ledesma<\/strong>, de la Universidad de Salamanca;&nbsp;<strong>Hoda Tayebi Hillali<\/strong>, de la Universidad de Santiago de Compostela;&nbsp;<strong>Jaime Escacena Mart\u00edn<\/strong>, de la Universidad de Sevilla;<strong>&nbsp;David Fernando Fern\u00e1ndez G\u00f3mez<\/strong>, de la Universidad de Valencia;&nbsp;<strong>Clara Daga-Cerino Echarri<\/strong>, de la Universidad de Zaragoza;&nbsp;<strong>Carolina Da Prato<\/strong>, de la Universidad Europea de Madrid;&nbsp;<strong>Claudia D\u2019Amico<\/strong>, de la Universidad Europea de Valencia;<strong>&nbsp;Cristina Garc\u00eda de Andr\u00e9s<\/strong>, de la Universidad Europea Miguel de Cervantes;&nbsp;<strong>Alina P\u00e9rez L\u00f3pez<\/strong>, de la Universidad Fernando Pessoa;&nbsp;<strong>Cl\u00e0udia Gonz\u00e1lez Blanco<\/strong>, de la Universitat Internacional de Catalunya, y<strong>&nbsp;Cristina Monz\u00f3n Mart\u00ednez<\/strong>, de la Universidad Rey Juan Carlos.<\/p>","protected":false},"excerpt":{"rendered":"<p>Un a\u00f1o m\u00e1s, el sal\u00f3n de actos de la\u00a0Facultad de Odontolog\u00eda de la Universidad Complutense\u00a0de Madrid acogi\u00f3 la entrega de\u00a0Premios a la Excelencia en los estudios de Odontolog\u00eda<\/p>","protected":false},"author":1,"featured_media":78,"comment_status":"closed","ping_status":"closed","sticky":false,"template":"","format":"standard","meta":{"footnotes":""},"categories":[6],"tags":[],"class_list":["post-213","post","type-post","status-publish","format-standard","has-post-thumbnail","hentry","category-noticias"],"yoast_head":"<!-- This site is optimized with the Yoast SEO plugin v27.5 - https:\/\/yoast.com\/product\/yoast-seo-wordpress\/ -->\n<title>Entrega de los XII Premios a la Excelencia en los estudios de Odontolog\u00eda - Dra. Ainoha Bernal<\/title>\n<meta name=\"robots\" content=\"index, follow, max-snippet:-1, max-image-preview:large, max-video-preview:-1\" \/>\n<link rel=\"canonical\" href=\"https:\/\/ainohabernal.com\/ca\/2024\/10\/22\/entrega-de-los-xii-premios-a-la-excelencia-en-los-estudios-de-odontologia\/\" \/>\n<meta property=\"og:locale\" content=\"ca_ES\" \/>\n<meta property=\"og:type\" content=\"article\" \/>\n<meta property=\"og:title\" content=\"Entrega de los XII Premios a la Excelencia en los estudios de Odontolog\u00eda - Dra. Ainoha Bernal\" \/>\n<meta property=\"og:description\" content=\"Un a\u00f1o m\u00e1s, el sal\u00f3n de actos de la\u00a0Facultad de Odontolog\u00eda de la Universidad Complutense\u00a0de Madrid acogi\u00f3 la entrega de\u00a0Premios a la Excelencia en los estudios de Odontolog\u00eda\" \/>\n<meta property=\"og:url\" content=\"https:\/\/ainohabernal.com\/ca\/2024\/10\/22\/entrega-de-los-xii-premios-a-la-excelencia-en-los-estudios-de-odontologia\/\" \/>\n<meta property=\"og:site_name\" content=\"Dra. Ainoha Bernal\" \/>\n<meta property=\"article:published_time\" content=\"2024-10-22T07:48:47+00:00\" \/>\n<meta property=\"article:modified_time\" content=\"2024-11-19T08:49:02+00:00\" \/>\n<meta property=\"og:image\" content=\"https:\/\/ainohabernal.com\/wp-content\/uploads\/2024\/11\/dentist-2589771_1280-e1731938002156.jpg\" \/>\n\t<meta property=\"og:image:width\" content=\"853\" \/>\n\t<meta property=\"og:image:height\" content=\"1280\" \/>\n\t<meta property=\"og:image:type\" content=\"image\/jpeg\" \/>\n<meta name=\"author\" content=\"saraux\" \/>\n<meta name=\"twitter:card\" content=\"summary_large_image\" \/>\n<meta name=\"twitter:label1\" content=\"Escrit per\" \/>\n\t<meta name=\"twitter:data1\" content=\"saraux\" \/>\n\t<meta name=\"twitter:label2\" content=\"Temps estimat de lectura\" \/>\n\t<meta name=\"twitter:data2\" content=\"4 minuts\" \/>\n<script type=\"application\/ld+json\" class=\"yoast-schema-graph\">{\"@context\":\"https:\\\/\\\/schema.org\",\"@graph\":[{\"@type\":\"Article\",\"@id\":\"https:\\\/\\\/ainohabernal.com\\\/2024\\\/10\\\/22\\\/entrega-de-los-xii-premios-a-la-excelencia-en-los-estudios-de-odontologia\\\/#article\",\"isPartOf\":{\"@id\":\"https:\\\/\\\/ainohabernal.com\\\/2024\\\/10\\\/22\\\/entrega-de-los-xii-premios-a-la-excelencia-en-los-estudios-de-odontologia\\\/\"},\"author\":{\"name\":\"saraux\",\"@id\":\"https:\\\/\\\/ainohabernal.com\\\/#\\\/schema\\\/person\\\/6da49a7f1da0ff749667024043714c49\"},\"headline\":\"Entrega de los XII Premios a la Excelencia en los estudios de Odontolog\u00eda\",\"datePublished\":\"2024-10-22T07:48:47+00:00\",\"dateModified\":\"2024-11-19T08:49:02+00:00\",\"mainEntityOfPage\":{\"@id\":\"https:\\\/\\\/ainohabernal.com\\\/2024\\\/10\\\/22\\\/entrega-de-los-xii-premios-a-la-excelencia-en-los-estudios-de-odontologia\\\/\"},\"wordCount\":799,\"publisher\":{\"@id\":\"https:\\\/\\\/ainohabernal.com\\\/#organization\"},\"image\":{\"@id\":\"https:\\\/\\\/ainohabernal.com\\\/2024\\\/10\\\/22\\\/entrega-de-los-xii-premios-a-la-excelencia-en-los-estudios-de-odontologia\\\/#primaryimage\"},\"thumbnailUrl\":\"https:\\\/\\\/ainohabernal.com\\\/wp-content\\\/uploads\\\/2024\\\/11\\\/dentist-2589771_1280-e1731938002156.jpg\",\"articleSection\":[\"Noticias\"],\"inLanguage\":\"ca\"},{\"@type\":\"WebPage\",\"@id\":\"https:\\\/\\\/ainohabernal.com\\\/2024\\\/10\\\/22\\\/entrega-de-los-xii-premios-a-la-excelencia-en-los-estudios-de-odontologia\\\/\",\"url\":\"https:\\\/\\\/ainohabernal.com\\\/2024\\\/10\\\/22\\\/entrega-de-los-xii-premios-a-la-excelencia-en-los-estudios-de-odontologia\\\/\",\"name\":\"Entrega de los XII Premios a la Excelencia en los estudios de Odontolog\u00eda - Dra. Ainoha Bernal\",\"isPartOf\":{\"@id\":\"https:\\\/\\\/ainohabernal.com\\\/#website\"},\"primaryImageOfPage\":{\"@id\":\"https:\\\/\\\/ainohabernal.com\\\/2024\\\/10\\\/22\\\/entrega-de-los-xii-premios-a-la-excelencia-en-los-estudios-de-odontologia\\\/#primaryimage\"},\"image\":{\"@id\":\"https:\\\/\\\/ainohabernal.com\\\/2024\\\/10\\\/22\\\/entrega-de-los-xii-premios-a-la-excelencia-en-los-estudios-de-odontologia\\\/#primaryimage\"},\"thumbnailUrl\":\"https:\\\/\\\/ainohabernal.com\\\/wp-content\\\/uploads\\\/2024\\\/11\\\/dentist-2589771_1280-e1731938002156.jpg\",\"datePublished\":\"2024-10-22T07:48:47+00:00\",\"dateModified\":\"2024-11-19T08:49:02+00:00\",\"breadcrumb\":{\"@id\":\"https:\\\/\\\/ainohabernal.com\\\/2024\\\/10\\\/22\\\/entrega-de-los-xii-premios-a-la-excelencia-en-los-estudios-de-odontologia\\\/#breadcrumb\"},\"inLanguage\":\"ca\",\"potentialAction\":[{\"@type\":\"ReadAction\",\"target\":[\"https:\\\/\\\/ainohabernal.com\\\/2024\\\/10\\\/22\\\/entrega-de-los-xii-premios-a-la-excelencia-en-los-estudios-de-odontologia\\\/\"]}]},{\"@type\":\"ImageObject\",\"inLanguage\":\"ca\",\"@id\":\"https:\\\/\\\/ainohabernal.com\\\/2024\\\/10\\\/22\\\/entrega-de-los-xii-premios-a-la-excelencia-en-los-estudios-de-odontologia\\\/#primaryimage\",\"url\":\"https:\\\/\\\/ainohabernal.com\\\/wp-content\\\/uploads\\\/2024\\\/11\\\/dentist-2589771_1280-e1731938002156.jpg\",\"contentUrl\":\"https:\\\/\\\/ainohabernal.com\\\/wp-content\\\/uploads\\\/2024\\\/11\\\/dentist-2589771_1280-e1731938002156.jpg\",\"width\":853,\"height\":1280},{\"@type\":\"BreadcrumbList\",\"@id\":\"https:\\\/\\\/ainohabernal.com\\\/2024\\\/10\\\/22\\\/entrega-de-los-xii-premios-a-la-excelencia-en-los-estudios-de-odontologia\\\/#breadcrumb\",\"itemListElement\":[{\"@type\":\"ListItem\",\"position\":1,\"name\":\"Portada\",\"item\":\"https:\\\/\\\/ainohabernal.com\\\/\"},{\"@type\":\"ListItem\",\"position\":2,\"name\":\"Entrega de los XII Premios a la Excelencia en los estudios de Odontolog\u00eda\"}]},{\"@type\":\"WebSite\",\"@id\":\"https:\\\/\\\/ainohabernal.com\\\/#website\",\"url\":\"https:\\\/\\\/ainohabernal.com\\\/\",\"name\":\"Ainoha Bernal\",\"description\":\"Odontolog\u00eda General\",\"publisher\":{\"@id\":\"https:\\\/\\\/ainohabernal.com\\\/#organization\"},\"potentialAction\":[{\"@type\":\"SearchAction\",\"target\":{\"@type\":\"EntryPoint\",\"urlTemplate\":\"https:\\\/\\\/ainohabernal.com\\\/?s={search_term_string}\"},\"query-input\":{\"@type\":\"PropertyValueSpecification\",\"valueRequired\":true,\"valueName\":\"search_term_string\"}}],\"inLanguage\":\"ca\"},{\"@type\":\"Organization\",\"@id\":\"https:\\\/\\\/ainohabernal.com\\\/#organization\",\"name\":\"Ainoha Bernal\",\"url\":\"https:\\\/\\\/ainohabernal.com\\\/\",\"logo\":{\"@type\":\"ImageObject\",\"inLanguage\":\"ca\",\"@id\":\"https:\\\/\\\/ainohabernal.com\\\/#\\\/schema\\\/logo\\\/image\\\/\",\"url\":\"https:\\\/\\\/ainohabernal.com\\\/wp-content\\\/uploads\\\/2024\\\/11\\\/Captura_de_pantalla_2024-11-18_111157-transformed-1.png\",\"contentUrl\":\"https:\\\/\\\/ainohabernal.com\\\/wp-content\\\/uploads\\\/2024\\\/11\\\/Captura_de_pantalla_2024-11-18_111157-transformed-1.png\",\"width\":2392,\"height\":788,\"caption\":\"Ainoha Bernal\"},\"image\":{\"@id\":\"https:\\\/\\\/ainohabernal.com\\\/#\\\/schema\\\/logo\\\/image\\\/\"}},{\"@type\":\"Person\",\"@id\":\"https:\\\/\\\/ainohabernal.com\\\/#\\\/schema\\\/person\\\/6da49a7f1da0ff749667024043714c49\",\"name\":\"saraux\",\"image\":{\"@type\":\"ImageObject\",\"inLanguage\":\"ca\",\"@id\":\"https:\\\/\\\/secure.gravatar.com\\\/avatar\\\/3cf3fef6b1c3bfaf212b185cda533a255a6120674ac677a40ae5a15a1a9d6c15?s=96&d=mm&r=g\",\"url\":\"https:\\\/\\\/secure.gravatar.com\\\/avatar\\\/3cf3fef6b1c3bfaf212b185cda533a255a6120674ac677a40ae5a15a1a9d6c15?s=96&d=mm&r=g\",\"contentUrl\":\"https:\\\/\\\/secure.gravatar.com\\\/avatar\\\/3cf3fef6b1c3bfaf212b185cda533a255a6120674ac677a40ae5a15a1a9d6c15?s=96&d=mm&r=g\",\"caption\":\"saraux\"},\"sameAs\":[\"http:\\\/\\\/ainohabernal.com\"],\"url\":\"https:\\\/\\\/ainohabernal.com\\\/ca\\\/author\\\/saraux\\\/\"}]}<\/script>\n<!-- \/ Yoast SEO plugin. -->","yoast_head_json":{"title":"Entrega de los XII Premios a la Excelencia en los estudios de Odontolog\u00eda - Dra. Ainoha Bernal","robots":{"index":"index","follow":"follow","max-snippet":"max-snippet:-1","max-image-preview":"max-image-preview:large","max-video-preview":"max-video-preview:-1"},"canonical":"https:\/\/ainohabernal.com\/ca\/2024\/10\/22\/entrega-de-los-xii-premios-a-la-excelencia-en-los-estudios-de-odontologia\/","og_locale":"ca_ES","og_type":"article","og_title":"Entrega de los XII Premios a la Excelencia en los estudios de Odontolog\u00eda - Dra. Ainoha Bernal","og_description":"Un a\u00f1o m\u00e1s, el sal\u00f3n de actos de la\u00a0Facultad de Odontolog\u00eda de la Universidad Complutense\u00a0de Madrid acogi\u00f3 la entrega de\u00a0Premios a la Excelencia en los estudios de Odontolog\u00eda","og_url":"https:\/\/ainohabernal.com\/ca\/2024\/10\/22\/entrega-de-los-xii-premios-a-la-excelencia-en-los-estudios-de-odontologia\/","og_site_name":"Dra. Ainoha Bernal","article_published_time":"2024-10-22T07:48:47+00:00","article_modified_time":"2024-11-19T08:49:02+00:00","og_image":[{"width":853,"height":1280,"url":"https:\/\/ainohabernal.com\/wp-content\/uploads\/2024\/11\/dentist-2589771_1280-e1731938002156.jpg","type":"image\/jpeg"}],"author":"saraux","twitter_card":"summary_large_image","twitter_misc":{"Escrit per":"saraux","Temps estimat de lectura":"4 minuts"},"schema":{"@context":"https:\/\/schema.org","@graph":[{"@type":"Article","@id":"https:\/\/ainohabernal.com\/2024\/10\/22\/entrega-de-los-xii-premios-a-la-excelencia-en-los-estudios-de-odontologia\/#article","isPartOf":{"@id":"https:\/\/ainohabernal.com\/2024\/10\/22\/entrega-de-los-xii-premios-a-la-excelencia-en-los-estudios-de-odontologia\/"},"author":{"name":"saraux","@id":"https:\/\/ainohabernal.com\/#\/schema\/person\/6da49a7f1da0ff749667024043714c49"},"headline":"Entrega de los XII Premios a la Excelencia en los estudios de Odontolog\u00eda","datePublished":"2024-10-22T07:48:47+00:00","dateModified":"2024-11-19T08:49:02+00:00","mainEntityOfPage":{"@id":"https:\/\/ainohabernal.com\/2024\/10\/22\/entrega-de-los-xii-premios-a-la-excelencia-en-los-estudios-de-odontologia\/"},"wordCount":799,"publisher":{"@id":"https:\/\/ainohabernal.com\/#organization"},"image":{"@id":"https:\/\/ainohabernal.com\/2024\/10\/22\/entrega-de-los-xii-premios-a-la-excelencia-en-los-estudios-de-odontologia\/#primaryimage"},"thumbnailUrl":"https:\/\/ainohabernal.com\/wp-content\/uploads\/2024\/11\/dentist-2589771_1280-e1731938002156.jpg","articleSection":["Noticias"],"inLanguage":"ca"},{"@type":"WebPage","@id":"https:\/\/ainohabernal.com\/2024\/10\/22\/entrega-de-los-xii-premios-a-la-excelencia-en-los-estudios-de-odontologia\/","url":"https:\/\/ainohabernal.com\/2024\/10\/22\/entrega-de-los-xii-premios-a-la-excelencia-en-los-estudios-de-odontologia\/","name":"Entrega de los XII Premios a la Excelencia en los estudios de Odontolog\u00eda - Dra. Ainoha Bernal","isPartOf":{"@id":"https:\/\/ainohabernal.com\/#website"},"primaryImageOfPage":{"@id":"https:\/\/ainohabernal.com\/2024\/10\/22\/entrega-de-los-xii-premios-a-la-excelencia-en-los-estudios-de-odontologia\/#primaryimage"},"image":{"@id":"https:\/\/ainohabernal.com\/2024\/10\/22\/entrega-de-los-xii-premios-a-la-excelencia-en-los-estudios-de-odontologia\/#primaryimage"},"thumbnailUrl":"https:\/\/ainohabernal.com\/wp-content\/uploads\/2024\/11\/dentist-2589771_1280-e1731938002156.jpg","datePublished":"2024-10-22T07:48:47+00:00","dateModified":"2024-11-19T08:49:02+00:00","breadcrumb":{"@id":"https:\/\/ainohabernal.com\/2024\/10\/22\/entrega-de-los-xii-premios-a-la-excelencia-en-los-estudios-de-odontologia\/#breadcrumb"},"inLanguage":"ca","potentialAction":[{"@type":"ReadAction","target":["https:\/\/ainohabernal.com\/2024\/10\/22\/entrega-de-los-xii-premios-a-la-excelencia-en-los-estudios-de-odontologia\/"]}]},{"@type":"ImageObject","inLanguage":"ca","@id":"https:\/\/ainohabernal.com\/2024\/10\/22\/entrega-de-los-xii-premios-a-la-excelencia-en-los-estudios-de-odontologia\/#primaryimage","url":"https:\/\/ainohabernal.com\/wp-content\/uploads\/2024\/11\/dentist-2589771_1280-e1731938002156.jpg","contentUrl":"https:\/\/ainohabernal.com\/wp-content\/uploads\/2024\/11\/dentist-2589771_1280-e1731938002156.jpg","width":853,"height":1280},{"@type":"BreadcrumbList","@id":"https:\/\/ainohabernal.com\/2024\/10\/22\/entrega-de-los-xii-premios-a-la-excelencia-en-los-estudios-de-odontologia\/#breadcrumb","itemListElement":[{"@type":"ListItem","position":1,"name":"Portada","item":"https:\/\/ainohabernal.com\/"},{"@type":"ListItem","position":2,"name":"Entrega de los XII Premios a la Excelencia en los estudios de Odontolog\u00eda"}]},{"@type":"WebSite","@id":"https:\/\/ainohabernal.com\/#website","url":"https:\/\/ainohabernal.com\/","name":"Ainoha Bernal","description":"Odontologia General","publisher":{"@id":"https:\/\/ainohabernal.com\/#organization"},"potentialAction":[{"@type":"SearchAction","target":{"@type":"EntryPoint","urlTemplate":"https:\/\/ainohabernal.com\/?s={search_term_string}"},"query-input":{"@type":"PropertyValueSpecification","valueRequired":true,"valueName":"search_term_string"}}],"inLanguage":"ca"},{"@type":"Organization","@id":"https:\/\/ainohabernal.com\/#organization","name":"Ainoha Bernal","url":"https:\/\/ainohabernal.com\/","logo":{"@type":"ImageObject","inLanguage":"ca","@id":"https:\/\/ainohabernal.com\/#\/schema\/logo\/image\/","url":"https:\/\/ainohabernal.com\/wp-content\/uploads\/2024\/11\/Captura_de_pantalla_2024-11-18_111157-transformed-1.png","contentUrl":"https:\/\/ainohabernal.com\/wp-content\/uploads\/2024\/11\/Captura_de_pantalla_2024-11-18_111157-transformed-1.png","width":2392,"height":788,"caption":"Ainoha Bernal"},"image":{"@id":"https:\/\/ainohabernal.com\/#\/schema\/logo\/image\/"}},{"@type":"Person","@id":"https:\/\/ainohabernal.com\/#\/schema\/person\/6da49a7f1da0ff749667024043714c49","name":"saraux","image":{"@type":"ImageObject","inLanguage":"ca","@id":"https:\/\/secure.gravatar.com\/avatar\/3cf3fef6b1c3bfaf212b185cda533a255a6120674ac677a40ae5a15a1a9d6c15?s=96&d=mm&r=g","url":"https:\/\/secure.gravatar.com\/avatar\/3cf3fef6b1c3bfaf212b185cda533a255a6120674ac677a40ae5a15a1a9d6c15?s=96&d=mm&r=g","contentUrl":"https:\/\/secure.gravatar.com\/avatar\/3cf3fef6b1c3bfaf212b185cda533a255a6120674ac677a40ae5a15a1a9d6c15?s=96&d=mm&r=g","caption":"saraux"},"sameAs":["http:\/\/ainohabernal.com"],"url":"https:\/\/ainohabernal.com\/ca\/author\/saraux\/"}]}},"_links":{"self":[{"href":"https:\/\/ainohabernal.com\/ca\/wp-json\/wp\/v2\/posts\/213","targetHints":{"allow":["GET"]}}],"collection":[{"href":"https:\/\/ainohabernal.com\/ca\/wp-json\/wp\/v2\/posts"}],"about":[{"href":"https:\/\/ainohabernal.com\/ca\/wp-json\/wp\/v2\/types\/post"}],"author":[{"embeddable":true,"href":"https:\/\/ainohabernal.com\/ca\/wp-json\/wp\/v2\/users\/1"}],"replies":[{"embeddable":true,"href":"https:\/\/ainohabernal.com\/ca\/wp-json\/wp\/v2\/comments?post=213"}],"version-history":[{"count":1,"href":"https:\/\/ainohabernal.com\/ca\/wp-json\/wp\/v2\/posts\/213\/revisions"}],"predecessor-version":[{"id":214,"href":"https:\/\/ainohabernal.com\/ca\/wp-json\/wp\/v2\/posts\/213\/revisions\/214"}],"wp:featuredmedia":[{"embeddable":true,"href":"https:\/\/ainohabernal.com\/ca\/wp-json\/wp\/v2\/media\/78"}],"wp:attachment":[{"href":"https:\/\/ainohabernal.com\/ca\/wp-json\/wp\/v2\/media?parent=213"}],"wp:term":[{"taxonomy":"category","embeddable":true,"href":"https:\/\/ainohabernal.com\/ca\/wp-json\/wp\/v2\/categories?post=213"},{"taxonomy":"post_tag","embeddable":true,"href":"https:\/\/ainohabernal.com\/ca\/wp-json\/wp\/v2\/tags?post=213"}],"curies":[{"name":"wp","href":"https:\/\/api.w.org\/{rel}","templated":true}]}}